{"id":5547,"date":"2026-09-04T13:55:37","date_gmt":"2026-09-04T11:55:37","guid":{"rendered":"https:\/\/sv-illschwang.de\/?p=5547"},"modified":"2026-09-04T14:25:37","modified_gmt":"2026-09-04T12:25:37","slug":"das-vr-bank-fussballcamp-zu-gast-beim-svi","status":"publish","type":"post","link":"http:\/\/sv-illschwang.de\/?p=5547","title":{"rendered":"Das VR Bank Fu\u00dfball-Camp zu Gast beim SVI"},"content":{"rendered":"\t\t<div data-elementor-type=\"wp-post\" data-elementor-id=\"5547\" class=\"elementor elementor-5547\">\n\t\t\t\t\t\t<section class=\"elementor-section elementor-top-section elementor-element elementor-element-a0aa297 elementor-section-boxed elementor-section-height-default elementor-section-height-default\" data-id=\"a0aa297\" data-element_type=\"section\">\n\t\t\t\t\t\t<div class=\"elementor-container elementor-column-gap-default\">\n\t\t\t\t\t<div class=\"elementor-column elementor-col-100 elementor-top-column elementor-element elementor-element-4a614ce\" data-id=\"4a614ce\" data-element_type=\"column\">\n\t\t\t<div class=\"elementor-widget-wrap elementor-element-populated\">\n\t\t\t\t\t\t<div class=\"elementor-element elementor-element-de4d396 elementor-widget elementor-widget-text-editor\" data-id=\"de4d396\" data-element_type=\"widget\" data-widget_type=\"text-editor.default\">\n\t\t\t\t<div class=\"elementor-widget-container\">\n\t\t\t\t\t\t\t\t\t<p>Nach der positiven Resonanz im Vorjahr hatte sich der SV Illschwang fr\u00fch daf\u00fcr entschieden, auch in 2026 in Kooperation mit der VR Bank Amberg-Sulzbach wieder ein Fu\u00dfball-Camp anzubieten&#8230; und das Angebot wurde intensiv angenommen.<\/p>\t\t\t\t\t\t\t\t<\/div>\n\t\t\t\t<\/div>\n\t\t\t\t\t<\/div>\n\t\t<\/div>\n\t\t\t\t\t<\/div>\n\t\t<\/section>\n\t\t\t\t<section class=\"elementor-section elementor-top-section elementor-element elementor-element-da8eadd elementor-section-boxed elementor-section-height-default elementor-section-height-default\" data-id=\"da8eadd\" data-element_type=\"section\">\n\t\t\t\t\t\t<div class=\"elementor-container elementor-column-gap-default\">\n\t\t\t\t\t<div class=\"elementor-column elementor-col-100 elementor-top-column elementor-element elementor-element-98441fb\" data-id=\"98441fb\" data-element_type=\"column\">\n\t\t\t<div class=\"elementor-widget-wrap elementor-element-populated\">\n\t\t\t\t\t\t<div class=\"elementor-element elementor-element-03c7d74 elementor-widget elementor-widget-image\" data-id=\"03c7d74\" data-element_type=\"widget\" data-widget_type=\"image.default\">\n\t\t\t\t<div class=\"elementor-widget-container\">\n\t\t\t\t\t\t\t\t\t\t\t\t<figure class=\"wp-caption\">\n\t\t\t\t\t\t\t\t\t\t<img fetchpriority=\"high\" decoding=\"async\" width=\"640\" height=\"407\" src=\"https:\/\/sv-illschwang.de\/wp-content\/uploads\/2026\/09\/FC_1-1024x651.jpg\" class=\"attachment-large size-large wp-image-5550\" alt=\"\" srcset=\"https:\/\/sv-illschwang.de\/wp-content\/uploads\/2026\/09\/FC_1-1024x651.jpg 1024w, https:\/\/sv-illschwang.de\/wp-content\/uploads\/2026\/09\/FC_1-300x191.jpg 300w, https:\/\/sv-illschwang.de\/wp-content\/uploads\/2026\/09\/FC_1-768x488.jpg 768w, https:\/\/sv-illschwang.de\/wp-content\/uploads\/2026\/09\/FC_1.jpg 1536w\" sizes=\"(max-width: 640px) 100vw, 640px\" \/>\t\t\t\t\t\t\t\t\t\t\t<figcaption class=\"widget-image-caption wp-caption-text\">Vom 04. - 06. September tummeln sich 41 M\u00e4dchen und Jungs auf dem Sportgel\u00e4nde des SV Illschwang<\/figcaption>\n\t\t\t\t\t\t\t\t\t\t<\/figure>\n\t\t\t\t\t\t\t\t\t<\/div>\n\t\t\t\t<\/div>\n\t\t\t\t\t<\/div>\n\t\t<\/div>\n\t\t\t\t\t<\/div>\n\t\t<\/section>\n\t\t\t\t<section class=\"elementor-section elementor-top-section elementor-element elementor-element-c23091a elementor-section-boxed elementor-section-height-default elementor-section-height-default\" data-id=\"c23091a\" data-element_type=\"section\">\n\t\t\t\t\t\t<div class=\"elementor-container elementor-column-gap-default\">\n\t\t\t\t\t<div class=\"elementor-column elementor-col-50 elementor-top-column elementor-element elementor-element-18c0885\" data-id=\"18c0885\" data-element_type=\"column\">\n\t\t\t<div class=\"elementor-widget-wrap elementor-element-populated\">\n\t\t\t\t\t\t<div class=\"elementor-element elementor-element-291623c elementor-widget elementor-widget-text-editor\" data-id=\"291623c\" data-element_type=\"widget\" data-widget_type=\"text-editor.default\">\n\t\t\t\t<div class=\"elementor-widget-container\">\n\t\t\t\t\t\t\t\t\t<p><br \/><br \/>Sehr erfreulich ist dabei, dass auch in der Neuauflage wieder einige M\u00e4dchen &#8211; dieses Jahr in leuchtendem Orange &#8211;\u00a0 auflaufen und sowohl den ehrenamtlichen Trainern und Betreuern als auch Jungs zeigen, was sie drauf haben.<\/p>\t\t\t\t\t\t\t\t<\/div>\n\t\t\t\t<\/div>\n\t\t\t\t\t<\/div>\n\t\t<\/div>\n\t\t\t\t<div class=\"elementor-column elementor-col-50 elementor-top-column elementor-element elementor-element-171a97b\" data-id=\"171a97b\" data-element_type=\"column\">\n\t\t\t<div class=\"elementor-widget-wrap elementor-element-populated\">\n\t\t\t\t\t\t<div class=\"elementor-element elementor-element-66de17e elementor-widget__width-initial elementor-widget elementor-widget-image\" data-id=\"66de17e\" data-element_type=\"widget\" data-widget_type=\"image.default\">\n\t\t\t\t<div class=\"elementor-widget-container\">\n\t\t\t\t\t\t\t\t\t\t\t\t\t\t\t<img decoding=\"async\" width=\"640\" height=\"498\" src=\"https:\/\/sv-illschwang.de\/wp-content\/uploads\/2026\/09\/FC_3-1024x797.jpg\" class=\"attachment-large size-large wp-image-5553\" alt=\"\" srcset=\"https:\/\/sv-illschwang.de\/wp-content\/uploads\/2026\/09\/FC_3-1024x797.jpg 1024w, https:\/\/sv-illschwang.de\/wp-content\/uploads\/2026\/09\/FC_3-300x234.jpg 300w, https:\/\/sv-illschwang.de\/wp-content\/uploads\/2026\/09\/FC_3-768x598.jpg 768w, https:\/\/sv-illschwang.de\/wp-content\/uploads\/2026\/09\/FC_3.jpg 1536w\" sizes=\"(max-width: 640px) 100vw, 640px\" \/>\t\t\t\t\t\t\t\t\t\t\t\t\t\t\t<\/div>\n\t\t\t\t<\/div>\n\t\t\t\t\t<\/div>\n\t\t<\/div>\n\t\t\t\t\t<\/div>\n\t\t<\/section>\n\t\t\t\t<section class=\"elementor-section elementor-top-section elementor-element elementor-element-1c7b8ff elementor-section-boxed elementor-section-height-default elementor-section-height-default\" data-id=\"1c7b8ff\" data-element_type=\"section\">\n\t\t\t\t\t\t<div class=\"elementor-container elementor-column-gap-default\">\n\t\t\t\t\t<div class=\"elementor-column elementor-col-50 elementor-top-column elementor-element elementor-element-f8a5b7e\" data-id=\"f8a5b7e\" data-element_type=\"column\">\n\t\t\t<div class=\"elementor-widget-wrap elementor-element-populated\">\n\t\t\t\t\t\t<div class=\"elementor-element elementor-element-eb95669 elementor-widget__width-initial elementor-widget elementor-widget-image\" data-id=\"eb95669\" data-element_type=\"widget\" data-widget_type=\"image.default\">\n\t\t\t\t<div class=\"elementor-widget-container\">\n\t\t\t\t\t\t\t\t\t\t\t\t\t\t\t<img decoding=\"async\" width=\"640\" height=\"853\" src=\"https:\/\/sv-illschwang.de\/wp-content\/uploads\/2026\/09\/03_eedd856a-aa11-48d6-aad7-360ed0f10e56-768x1024.jpg\" class=\"attachment-large size-large wp-image-5548\" alt=\"\" srcset=\"https:\/\/sv-illschwang.de\/wp-content\/uploads\/2026\/09\/03_eedd856a-aa11-48d6-aad7-360ed0f10e56-768x1024.jpg 768w, https:\/\/sv-illschwang.de\/wp-content\/uploads\/2026\/09\/03_eedd856a-aa11-48d6-aad7-360ed0f10e56-225x300.jpg 225w, https:\/\/sv-illschwang.de\/wp-content\/uploads\/2026\/09\/03_eedd856a-aa11-48d6-aad7-360ed0f10e56-1152x1536.jpg 1152w, https:\/\/sv-illschwang.de\/wp-content\/uploads\/2026\/09\/03_eedd856a-aa11-48d6-aad7-360ed0f10e56.jpg 1536w\" sizes=\"(max-width: 640px) 100vw, 640px\" \/>\t\t\t\t\t\t\t\t\t\t\t\t\t\t\t<\/div>\n\t\t\t\t<\/div>\n\t\t\t\t\t<\/div>\n\t\t<\/div>\n\t\t\t\t<div class=\"elementor-column elementor-col-50 elementor-top-column elementor-element elementor-element-e5c45f3\" data-id=\"e5c45f3\" data-element_type=\"column\">\n\t\t\t<div class=\"elementor-widget-wrap elementor-element-populated\">\n\t\t\t\t\t\t<div class=\"elementor-element elementor-element-31624a9 elementor-widget elementor-widget-text-editor\" data-id=\"31624a9\" data-element_type=\"widget\" data-widget_type=\"text-editor.default\">\n\t\t\t\t<div class=\"elementor-widget-container\">\n\t\t\t\t\t\t\t\t\t<p><br \/><br \/>W\u00e4hrend der drei Tage werden die jungen Fu\u00dfballer und Fu\u00dfballerinnen von\u00a0 vielen freiwilligen Helfern aus dem Verein betreut &#8211; sei es in Form von Getr\u00e4nke- und Essenversorgung als auch \u00dcbungsbegleitung.<\/p><p>Jedes teilnehmende Kind erhielt gleich zu Beginn des Camps einen Trikotsatz mit Fu\u00dfball und Trinkflasche.<\/p><p>Wechselnde \u00dcbungseinheiten vormittags und nachmittags sollen f\u00fcr Spa\u00df sorgen, aber auch mit notwendiger Ernsthaftigkeit durchgef\u00fchrt werden.<\/p>\t\t\t\t\t\t\t\t<\/div>\n\t\t\t\t<\/div>\n\t\t\t\t\t<\/div>\n\t\t<\/div>\n\t\t\t\t\t<\/div>\n\t\t<\/section>\n\t\t\t\t<\/div>\n\t\t","protected":false},"excerpt":{"rendered":"<p>Nach der positiven Resonanz im Vorjahr hatte sich der SV Illschwang fr\u00fch daf\u00fcr entschieden, auch in 2026 in Kooperation mit der VR Bank Amberg-Sulzbach wieder ein Fu\u00dfball-Camp anzubieten&#8230; und das Angebot wurde intensiv angenommen. Vom 04. &#8211; 06. September tummeln sich 41 M\u00e4dchen und Jungs auf dem Sportgel\u00e4nde des SV Illschwang Sehr erfreulich ist dabei, [&hellip;]<\/p>\n","protected":false},"author":2,"featured_media":5551,"comment_status":"closed","ping_status":"open","sticky":false,"template":"","format":"standard","meta":{"footnotes":""},"categories":[7],"tags":[],"class_list":["post-5547","post","type-post","status-publish","format-standard","has-post-thumbnail","hentry","category-abteilung-fussball"],"_links":{"self":[{"href":"http:\/\/sv-illschwang.de\/index.php?rest_route=\/wp\/v2\/posts\/5547","targetHints":{"allow":["GET"]}}],"collection":[{"href":"http:\/\/sv-illschwang.de\/index.php?rest_route=\/wp\/v2\/posts"}],"about":[{"href":"http:\/\/sv-illschwang.de\/index.php?rest_route=\/wp\/v2\/types\/post"}],"author":[{"embeddable":true,"href":"http:\/\/sv-illschwang.de\/index.php?rest_route=\/wp\/v2\/users\/2"}],"replies":[{"embeddable":true,"href":"http:\/\/sv-illschwang.de\/index.php?rest_route=%2Fwp%2Fv2%2Fcomments&post=5547"}],"version-history":[{"count":5,"href":"http:\/\/sv-illschwang.de\/index.php?rest_route=\/wp\/v2\/posts\/5547\/revisions"}],"predecessor-version":[{"id":5557,"href":"http:\/\/sv-illschwang.de\/index.php?rest_route=\/wp\/v2\/posts\/5547\/revisions\/5557"}],"wp:featuredmedia":[{"embeddable":true,"href":"http:\/\/sv-illschwang.de\/index.php?rest_route=\/wp\/v2\/media\/5551"}],"wp:attachment":[{"href":"http:\/\/sv-illschwang.de\/index.php?rest_route=%2Fwp%2Fv2%2Fmedia&parent=5547"}],"wp:term":[{"taxonomy":"category","embeddable":true,"href":"http:\/\/sv-illschwang.de\/index.php?rest_route=%2Fwp%2Fv2%2Fcategories&post=5547"},{"taxonomy":"post_tag","embeddable":true,"href":"http:\/\/sv-illschwang.de\/index.php?rest_route=%2Fwp%2Fv2%2Ftags&post=5547"}],"curies":[{"name":"wp","href":"https:\/\/api.w.org\/{rel}","templated":true}]}}