{"id":5325,"date":"2026-04-27T12:16:52","date_gmt":"2026-04-27T10:16:52","guid":{"rendered":"https:\/\/sv-illschwang.de\/?p=5325"},"modified":"2026-04-27T12:28:07","modified_gmt":"2026-04-27T10:28:07","slug":"vr-bank-fussball-camp-beim-sv-illschwang","status":"publish","type":"post","link":"https:\/\/sv-illschwang.de\/?p=5325","title":{"rendered":"VR Bank Fu\u00dfball-Camp beim SV Illschwang"},"content":{"rendered":"\t\t<div data-elementor-type=\"wp-post\" data-elementor-id=\"5325\" class=\"elementor elementor-5325\">\n\t\t\t\t\t\t<section class=\"elementor-section elementor-top-section elementor-element elementor-element-b5b335a elementor-section-boxed elementor-section-height-default elementor-section-height-default\" data-id=\"b5b335a\" data-element_type=\"section\">\n\t\t\t\t\t\t<div class=\"elementor-container elementor-column-gap-default\">\n\t\t\t\t\t<div class=\"elementor-column elementor-col-100 elementor-top-column elementor-element elementor-element-a4e3b67\" data-id=\"a4e3b67\" data-element_type=\"column\">\n\t\t\t<div class=\"elementor-widget-wrap elementor-element-populated\">\n\t\t\t\t\t\t<div class=\"elementor-element elementor-element-26dbdc6 elementor-widget elementor-widget-text-editor\" data-id=\"26dbdc6\" data-element_type=\"widget\" data-widget_type=\"text-editor.default\">\n\t\t\t\t<div class=\"elementor-widget-container\">\n\t\t\t\t\t\t\t\t\t<p>Nach dem sehr erfolgreichen VR Bank Fu\u00dfball-Camp in 2025 veranstaltet der SV Illschwang zusammen mit der VR Bank Amberg-Sulzbach erneut ein Fu\u00dfball-Camp&#8230;. und zwar vom 04.09. &#8211; 06. 09.2026 auf dem Sportgel\u00e4nde des SV Illschwang.<\/p><p>F\u00fcr weitere Information bitte den QR-Code abscannen.<\/p><p>Der SV Illschwang mit dem gesamten Funktionsteam sowie Trainer\/innen und Betreuer\/innen freut sich auf rege Teilnahme.<\/p><p>\u00a0<\/p>\t\t\t\t\t\t\t\t<\/div>\n\t\t\t\t<\/div>\n\t\t\t\t\t<\/div>\n\t\t<\/div>\n\t\t\t\t\t<\/div>\n\t\t<\/section>\n\t\t\t\t<section class=\"elementor-section elementor-top-section elementor-element elementor-element-a51a637 elementor-section-boxed elementor-section-height-default elementor-section-height-default\" data-id=\"a51a637\" data-element_type=\"section\">\n\t\t\t\t\t\t<div class=\"elementor-container elementor-column-gap-default\">\n\t\t\t\t\t<div class=\"elementor-column elementor-col-100 elementor-top-column elementor-element elementor-element-a2b0c74\" data-id=\"a2b0c74\" data-element_type=\"column\">\n\t\t\t<div class=\"elementor-widget-wrap elementor-element-populated\">\n\t\t\t\t\t\t<div class=\"elementor-element elementor-element-17efebe elementor-widget elementor-widget-image\" data-id=\"17efebe\" data-element_type=\"widget\" data-widget_type=\"image.default\">\n\t\t\t\t<div class=\"elementor-widget-container\">\n\t\t\t\t\t\t\t\t\t\t\t\t\t\t\t<img fetchpriority=\"high\" decoding=\"async\" width=\"640\" height=\"449\" src=\"https:\/\/sv-illschwang.de\/wp-content\/uploads\/2026\/04\/Flyer2.jpg\" class=\"attachment-large size-large wp-image-5341\" alt=\"\" srcset=\"https:\/\/sv-illschwang.de\/wp-content\/uploads\/2026\/04\/Flyer2.jpg 676w, https:\/\/sv-illschwang.de\/wp-content\/uploads\/2026\/04\/Flyer2-300x210.jpg 300w\" sizes=\"(max-width: 640px) 100vw, 640px\" \/>\t\t\t\t\t\t\t\t\t\t\t\t\t\t\t<\/div>\n\t\t\t\t<\/div>\n\t\t\t\t\t<\/div>\n\t\t<\/div>\n\t\t\t\t\t<\/div>\n\t\t<\/section>\n\t\t\t\t<\/div>\n\t\t","protected":false},"excerpt":{"rendered":"<p>Nach dem sehr erfolgreichen VR Bank Fu\u00dfball-Camp in 2025 veranstaltet der SV Illschwang zusammen mit der VR Bank Amberg-Sulzbach erneut ein Fu\u00dfball-Camp&#8230;. und zwar vom 04.09. &#8211; 06. 09.2026 auf dem Sportgel\u00e4nde des SV Illschwang. F\u00fcr weitere Information bitte den QR-Code abscannen. Der SV Illschwang mit dem gesamten Funktionsteam sowie Trainer\/innen und Betreuer\/innen freut sich [&hellip;]<\/p>\n","protected":false},"author":2,"featured_media":5329,"comment_status":"closed","ping_status":"open","sticky":false,"template":"","format":"standard","meta":{"footnotes":""},"categories":[1],"tags":[],"class_list":["post-5325","post","type-post","status-publish","format-standard","has-post-thumbnail","hentry","category-uncategorized"],"_links":{"self":[{"href":"https:\/\/sv-illschwang.de\/index.php?rest_route=\/wp\/v2\/posts\/5325","targetHints":{"allow":["GET"]}}],"collection":[{"href":"https:\/\/sv-illschwang.de\/index.php?rest_route=\/wp\/v2\/posts"}],"about":[{"href":"https:\/\/sv-illschwang.de\/index.php?rest_route=\/wp\/v2\/types\/post"}],"author":[{"embeddable":true,"href":"https:\/\/sv-illschwang.de\/index.php?rest_route=\/wp\/v2\/users\/2"}],"replies":[{"embeddable":true,"href":"https:\/\/sv-illschwang.de\/index.php?rest_route=%2Fwp%2Fv2%2Fcomments&post=5325"}],"version-history":[{"count":13,"href":"https:\/\/sv-illschwang.de\/index.php?rest_route=\/wp\/v2\/posts\/5325\/revisions"}],"predecessor-version":[{"id":5344,"href":"https:\/\/sv-illschwang.de\/index.php?rest_route=\/wp\/v2\/posts\/5325\/revisions\/5344"}],"wp:featuredmedia":[{"embeddable":true,"href":"https:\/\/sv-illschwang.de\/index.php?rest_route=\/wp\/v2\/media\/5329"}],"wp:attachment":[{"href":"https:\/\/sv-illschwang.de\/index.php?rest_route=%2Fwp%2Fv2%2Fmedia&parent=5325"}],"wp:term":[{"taxonomy":"category","embeddable":true,"href":"https:\/\/sv-illschwang.de\/index.php?rest_route=%2Fwp%2Fv2%2Fcategories&post=5325"},{"taxonomy":"post_tag","embeddable":true,"href":"https:\/\/sv-illschwang.de\/index.php?rest_route=%2Fwp%2Fv2%2Ftags&post=5325"}],"curies":[{"name":"wp","href":"https:\/\/api.w.org\/{rel}","templated":true}]}}