{"id":5348,"date":"2026-04-27T20:33:02","date_gmt":"2026-04-27T18:33:02","guid":{"rendered":"https:\/\/sv-illschwang.de\/?p=5348"},"modified":"2026-04-27T20:36:20","modified_gmt":"2026-04-27T18:36:20","slug":"der-svi-braucht-eure-unterstuetzung-wuerth-vereinshandwerker-2026","status":"publish","type":"post","link":"https:\/\/sv-illschwang.de\/?p=5348","title":{"rendered":"Der SVI braucht Eure Unterst\u00fctzung &#8211; W\u00dcRTH Vereinshandwerker 2026"},"content":{"rendered":"\n<p>Aktuell investiert der SVI weiter in die Verbesserung der Infrastruktur auf dem Sportgel\u00e4nde, das allen Sportlerinnen und Sportler und insbesondere unseren Nachwuchs zu Gute kommt. <\/p>\n\n\n\n<p>Wir haben uns als SV Illschwang e.V. bei der Aktion &#8222;W\u00dcRTH Vereinshandwerker 2026&#8220; angemeldet. Die Firma W\u00dcRTH bietet die Chance auf tolle Preise und auf bis zu 10.000 Euro f\u00fcr die Vereinskasse. <\/p>\n\n\n\n<p><strong>Bitte unterst\u00fctzt den SVI in dem Ihr t\u00e4glich abstimmt und unseren Link gerne weiter teilt. <\/strong><\/p>\n\n\n\n<p>VIELEN DANK!!!<\/p>\n\n\n\n<p><a href=\"https:\/\/www.wuerth-vereinsheimwerker.de\/projekt\/019cefe2-d4eb-7b33-89db-3a170f95e586\">https:\/\/www.wuerth-vereinsheimwerker.de\/projekt\/019cefe2-d4eb-7b33-89db-3a170f95e586<\/a><\/p>\n\n\n\n<p><strong>Projektbeschreibung: <\/strong><\/p>\n\n\n\n<p>Nach der Umsetzung einer PV-Anlage soll beim Sportverein Illschwang e.V. der n\u00e4chste Schritt zur nachhaltigen Entwicklung angesto\u00dfen werden: Auf beiden Pl\u00e4tzen soll je ein Rasenm\u00e4hroboter den in die Jahre gekommenen Diesel-M\u00e4htraktor ersetzen und dem Platzwart die Arbeit erleichtern. <\/p>\n\n\n\n<p>Dar\u00fcber hinaus soll auf dem A-Platz eine Bew\u00e4sserungsanlage installiert werden, um f\u00fcr k\u00fcnftige Trockenperioden ger\u00fcstet zu sein. Die Technik wird jeweils mit selbst erzeugtem Strom aus der PV-Anlage inklusive Batteriespeicher versorgt.  <\/p>\n\n\n\n<figure class=\"wp-block-image size-full\"><img fetchpriority=\"high\" decoding=\"async\" width=\"901\" height=\"501\" src=\"https:\/\/sv-illschwang.de\/wp-content\/uploads\/2026\/04\/Wuerth2-2.png\" alt=\"\" class=\"wp-image-5350\" srcset=\"https:\/\/sv-illschwang.de\/wp-content\/uploads\/2026\/04\/Wuerth2-2.png 901w, https:\/\/sv-illschwang.de\/wp-content\/uploads\/2026\/04\/Wuerth2-2-300x167.png 300w, https:\/\/sv-illschwang.de\/wp-content\/uploads\/2026\/04\/Wuerth2-2-768x427.png 768w\" sizes=\"(max-width: 901px) 100vw, 901px\" \/><\/figure>\n\n\n\n<figure class=\"wp-block-image size-full\"><img decoding=\"async\" width=\"931\" height=\"499\" src=\"http:\/\/sv-illschwang.de\/wp-content\/uploads\/2026\/04\/Wuerth1-3.png\" alt=\"\" class=\"wp-image-5349\" srcset=\"https:\/\/sv-illschwang.de\/wp-content\/uploads\/2026\/04\/Wuerth1-3.png 931w, https:\/\/sv-illschwang.de\/wp-content\/uploads\/2026\/04\/Wuerth1-3-300x161.png 300w, https:\/\/sv-illschwang.de\/wp-content\/uploads\/2026\/04\/Wuerth1-3-768x412.png 768w\" sizes=\"(max-width: 931px) 100vw, 931px\" \/><\/figure>\n","protected":false},"excerpt":{"rendered":"<p>Aktuell investiert der SVI weiter in die Verbesserung der Infrastruktur auf dem Sportgel\u00e4nde, das allen Sportlerinnen und Sportler und insbesondere unseren Nachwuchs zu Gute kommt. Wir haben uns als SV Illschwang e.V. bei der Aktion &#8222;W\u00dcRTH Vereinshandwerker 2026&#8220; angemeldet. Die Firma W\u00dcRTH bietet die Chance auf tolle Preise und auf bis zu 10.000 Euro f\u00fcr [&hellip;]<\/p>\n","protected":false},"author":3,"featured_media":5353,"comment_status":"closed","ping_status":"open","sticky":false,"template":"","format":"standard","meta":{"footnotes":""},"categories":[10],"tags":[],"class_list":["post-5348","post","type-post","status-publish","format-standard","has-post-thumbnail","hentry","category-verein"],"_links":{"self":[{"href":"https:\/\/sv-illschwang.de\/index.php?rest_route=\/wp\/v2\/posts\/5348","targetHints":{"allow":["GET"]}}],"collection":[{"href":"https:\/\/sv-illschwang.de\/index.php?rest_route=\/wp\/v2\/posts"}],"about":[{"href":"https:\/\/sv-illschwang.de\/index.php?rest_route=\/wp\/v2\/types\/post"}],"author":[{"embeddable":true,"href":"https:\/\/sv-illschwang.de\/index.php?rest_route=\/wp\/v2\/users\/3"}],"replies":[{"embeddable":true,"href":"https:\/\/sv-illschwang.de\/index.php?rest_route=%2Fwp%2Fv2%2Fcomments&post=5348"}],"version-history":[{"count":4,"href":"https:\/\/sv-illschwang.de\/index.php?rest_route=\/wp\/v2\/posts\/5348\/revisions"}],"predecessor-version":[{"id":5355,"href":"https:\/\/sv-illschwang.de\/index.php?rest_route=\/wp\/v2\/posts\/5348\/revisions\/5355"}],"wp:featuredmedia":[{"embeddable":true,"href":"https:\/\/sv-illschwang.de\/index.php?rest_route=\/wp\/v2\/media\/5353"}],"wp:attachment":[{"href":"https:\/\/sv-illschwang.de\/index.php?rest_route=%2Fwp%2Fv2%2Fmedia&parent=5348"}],"wp:term":[{"taxonomy":"category","embeddable":true,"href":"https:\/\/sv-illschwang.de\/index.php?rest_route=%2Fwp%2Fv2%2Fcategories&post=5348"},{"taxonomy":"post_tag","embeddable":true,"href":"https:\/\/sv-illschwang.de\/index.php?rest_route=%2Fwp%2Fv2%2Ftags&post=5348"}],"curies":[{"name":"wp","href":"https:\/\/api.w.org\/{rel}","templated":true}]}}